{"id":485,"date":"2022-06-04T22:46:00","date_gmt":"2022-06-04T20:46:00","guid":{"rendered":"http:\/\/77.162.20.206\/wordpress\/?p=485"},"modified":"2022-06-10T11:28:38","modified_gmt":"2022-06-10T09:28:38","slug":"etappe-10-corre-burgille-de-saone-en-haar-bochten","status":"publish","type":"post","link":"http:\/\/86.92.211.122\/wordpress\/index.php\/2022\/06\/04\/etappe-10-corre-burgille-de-saone-en-haar-bochten\/","title":{"rendered":"04\/06\/2022 &#8211; Etappe 10: Corre &#8211; Burgille; de Sa\u00f4ne en haar bochten"},"content":{"rendered":"\n<figure class=\"wp-block-image\"><a href=\"https:\/\/ridewithgps.com\/trips\/92228491?privacy_code=MAN6pbwv6t5YzZiI\" target=\"_blank\" rel=\"noreferrer noopener\"><img loading=\"lazy\" decoding=\"async\" width=\"1080\" height=\"1080\" src=\"http:\/\/77.162.20.206\/wordpress\/wp-content\/uploads\/2022\/06\/4a6cf5e4-2248-4fd9-a526-2e70fdfa9f02-28600-0000053bb740fead_file.jpg\" alt=\"\" class=\"wp-image-492\" srcset=\"http:\/\/86.92.211.122\/wordpress\/wp-content\/uploads\/2022\/06\/4a6cf5e4-2248-4fd9-a526-2e70fdfa9f02-28600-0000053bb740fead_file.jpg 1080w, http:\/\/86.92.211.122\/wordpress\/wp-content\/uploads\/2022\/06\/4a6cf5e4-2248-4fd9-a526-2e70fdfa9f02-28600-0000053bb740fead_file-300x300.jpg 300w, http:\/\/86.92.211.122\/wordpress\/wp-content\/uploads\/2022\/06\/4a6cf5e4-2248-4fd9-a526-2e70fdfa9f02-28600-0000053bb740fead_file-1024x1024.jpg 1024w, http:\/\/86.92.211.122\/wordpress\/wp-content\/uploads\/2022\/06\/4a6cf5e4-2248-4fd9-a526-2e70fdfa9f02-28600-0000053bb740fead_file-150x150.jpg 150w, http:\/\/86.92.211.122\/wordpress\/wp-content\/uploads\/2022\/06\/4a6cf5e4-2248-4fd9-a526-2e70fdfa9f02-28600-0000053bb740fead_file-768x768.jpg 768w\" sizes=\"auto, (max-width: 1080px) 100vw, 1080px\" \/><\/a><\/figure>\n\n\n\n<div style=\"height:50px\" aria-hidden=\"true\" class=\"wp-block-spacer\"><\/div>\n\n\n\n<p><strong>Algemeen <\/strong><\/p>\n\n\n\n<p>Vandaag toch eigenlijke een makkelijke dag, alhoewel je dat aan de afstand niet zou denken. Verder door het Noord-Franse land gefietst in het stroomgebied van de sterk meanderende Sa\u00f4ne. Vlak na Corre uit het dal geklommen, bij Amoncourt het dal weer in om het vanaf Port-sur-Sa\u00f4ne de rivier via het jaagpad te volgen. Is mooi, lekker vlak en overal verhard en geen auto\u2019s, behalve op stukken waar je mocht vissen. Deels de Sa\u00f4ne zelf gevolgd, deels het kanaal ernaast. Dat laatste mn als er barrages in de rivier zijn en de boten via de sluis verder kunnen. De tunnel van het kanaal bij Rupt-sur-Sa\u00f4ne is toch een mooi staaltje werk.<br \/>Na 30 km jaagpad bij Soing definitief het Sa\u00f4ne-dal uit, op naar Marnay (door Wouter hardnekkig Man Ray genoemd; 1 keer linksaf, altijd linksaf; vandaar eerst op weerkaarten niet te vinden, haha!). Gezien de temp waren we toen wel toen aan terras met Fanta, welke niet kwam. Uiteindelijk langs kant van de weg gepauzeerd en in Gy bij een tabak blikjes gekocht en voor het majestueuze H\u00f4tel de Ville opgedronken. Laatste km waren vlot gedaan, inkopen bij Intermarch\u00e9 en plaatselijke bakker en rond half zes neergestreken in heerlijke Airbnb\u2026 met wederom de spreekwoordelijke rust van het platte land\u2026<br \/><br \/>Kwa weer: vannacht fors onweer gehad, maar vandaag hele dag zonnig tot heet, wat ook aandeel gemiddelde temperatuur te zien is. Met koelere rijwind is het nog prima te doen, maar je voelt het wel, haha. En de flessen raken nu leeg..<\/p>\n\n\n\n<div style=\"height:50px\" aria-hidden=\"true\" class=\"wp-block-spacer\"><\/div>\n\n\n\n<p><strong>De getallen <\/strong><\/p>\n\n\n\n<p>Afstand: 103 km<br \/>Hoogtemeters: 766 m<br \/>Gem. snelheid: 22,2 km\/u<br \/>Totale rijtijd: 4:38 u<br \/>Totaal onderweg incl. pauzes: 8:05 u<br \/>Gem temp 30 \u00b0C<br \/>Vertrek: 9:39 u<br \/>Aankomst: 17:27 u<\/p>\n\n\n\n<div style=\"height:50px\" aria-hidden=\"true\" class=\"wp-block-spacer\"><\/div>\n\n\n\n<p><strong>Bijzonderheden<\/strong> <\/p>\n\n\n\n<p>We zien onderweg heel veel roofvogels boven de akkers, wat een fraai gezicht is. Geen kennis\/tijd om uit te vinden welke\u2026\u2026 ben geen natuurgids\u2026<br \/><br \/>Vandaag eindelijk een raadsel opgelost waar Wen en ik al een aantal jaren ons op stuk beten. Ook met behulp van natuurgids (daar is tie weer) An, lukte het niet het te ontrafelen. Dat lag meer aan het gebrek aan voldoende gegevens dan aan An.<br \/>Maar de afgemaaide stoppels (Wen, heb jij nog een foto?) waar het mee begon, kon ik nu aanvullen met de hele plant (zie foto\u2019s). Daar zat echter een andere tussendoor (wikke? Wieckse Wikke \ud83d\ude02), die de verwarring alleen maar groter maakte. Met behulp van de boerin van de chambre d\u2019hotes, die colza suggereerde (maar ook petit poids) EN Wikipedia kwam ik op koolzaad. Nou ja, kunnen we ook weer rustig slapen\u2026\u2026<\/p>\n\n\n\n<div style=\"height:50px\" aria-hidden=\"true\" class=\"wp-block-spacer\"><\/div>\n\n\n\n<p><strong>Contemplatie<\/strong><\/p>\n\n\n\n<p>Hou eens op met dat minimale gedoe! Op mijn geroep dat het niet elke dag feest kan zijn! \ud83d\ude02\ud83d\ude02\ud83d\ude02<\/p>\n\n\n\n<div style=\"height:50px\" aria-hidden=\"true\" class=\"wp-block-spacer\"><\/div>\n\n\n\n<p><strong>Onderkomen<\/strong><\/p>\n\n\n\n<p>Chambre d\u2019hotes bij Estelle Ronuald, rue de Marnay 20, Burgille (via AirBNB). Zeer goede kamer\/appartement, met drankjes gevulde koelkast. Absolute aanrader! Ook klein zwembad ter beschikking, en terras..<br \/>Eten: taboul\u00e9 en pat\u00e9 van de Intermarch\u00e9, quiche en fruithapje toe (appelmoes met zwarte bessen; dacht dat het yoghurt met zwarte bessen was; van fietsen wordt je dom)\u2026 smaakte ook prima!!!<\/p>\n\n\n\n<div style=\"height:50px\" aria-hidden=\"true\" class=\"wp-block-spacer\"><\/div>\n\n\n\n<figure class=\"wp-block-image\"><img loading=\"lazy\" decoding=\"async\" width=\"246\" height=\"320\" src=\"http:\/\/77.162.20.206\/wordpress\/wp-content\/uploads\/2022\/06\/ed80679f-94c5-4d24-aae9-24ff5ec691f0-28600-0000055131f3eb2c_file.jpg\" alt=\"\" class=\"wp-image-499\" srcset=\"http:\/\/86.92.211.122\/wordpress\/wp-content\/uploads\/2022\/06\/ed80679f-94c5-4d24-aae9-24ff5ec691f0-28600-0000055131f3eb2c_file.jpg 246w, http:\/\/86.92.211.122\/wordpress\/wp-content\/uploads\/2022\/06\/ed80679f-94c5-4d24-aae9-24ff5ec691f0-28600-0000055131f3eb2c_file-231x300.jpg 231w\" sizes=\"auto, (max-width: 246px) 100vw, 246px\" \/><figcaption>Wouter wilde hierheen\u2026?????\ud83d\ude33<\/figcaption><\/figure>\n\n\n\n<figure class=\"wp-block-image size-large\"><img loading=\"lazy\" decoding=\"async\" width=\"2560\" height=\"1920\" src=\"http:\/\/77.162.20.206\/wordpress\/wp-content\/uploads\/2022\/06\/img_4782-scaled.jpg\" alt=\"\" class=\"wp-image-516\" srcset=\"http:\/\/86.92.211.122\/wordpress\/wp-content\/uploads\/2022\/06\/img_4782-scaled.jpg 2560w, http:\/\/86.92.211.122\/wordpress\/wp-content\/uploads\/2022\/06\/img_4782-300x225.jpg 300w, http:\/\/86.92.211.122\/wordpress\/wp-content\/uploads\/2022\/06\/img_4782-1024x768.jpg 1024w, http:\/\/86.92.211.122\/wordpress\/wp-content\/uploads\/2022\/06\/img_4782-768x576.jpg 768w, http:\/\/86.92.211.122\/wordpress\/wp-content\/uploads\/2022\/06\/img_4782-1536x1152.jpg 1536w, http:\/\/86.92.211.122\/wordpress\/wp-content\/uploads\/2022\/06\/img_4782-2048x1536.jpg 2048w, http:\/\/86.92.211.122\/wordpress\/wp-content\/uploads\/2022\/06\/img_4782-1568x1176.jpg 1568w\" sizes=\"auto, (max-width: 2560px) 100vw, 2560px\" \/><figcaption>Ontbijt <\/figcaption><\/figure>\n\n\n\n<figure class=\"wp-block-image size-large\"><img loading=\"lazy\" decoding=\"async\" width=\"2560\" height=\"1920\" src=\"http:\/\/77.162.20.206\/wordpress\/wp-content\/uploads\/2022\/06\/img_4807-scaled.jpg\" alt=\"\" class=\"wp-image-515\" srcset=\"http:\/\/86.92.211.122\/wordpress\/wp-content\/uploads\/2022\/06\/img_4807-scaled.jpg 2560w, http:\/\/86.92.211.122\/wordpress\/wp-content\/uploads\/2022\/06\/img_4807-300x225.jpg 300w, http:\/\/86.92.211.122\/wordpress\/wp-content\/uploads\/2022\/06\/img_4807-1024x768.jpg 1024w, http:\/\/86.92.211.122\/wordpress\/wp-content\/uploads\/2022\/06\/img_4807-768x576.jpg 768w, http:\/\/86.92.211.122\/wordpress\/wp-content\/uploads\/2022\/06\/img_4807-1536x1152.jpg 1536w, http:\/\/86.92.211.122\/wordpress\/wp-content\/uploads\/2022\/06\/img_4807-2048x1536.jpg 2048w, http:\/\/86.92.211.122\/wordpress\/wp-content\/uploads\/2022\/06\/img_4807-1568x1176.jpg 1568w\" sizes=\"auto, (max-width: 2560px) 100vw, 2560px\" \/><figcaption>Amance<\/figcaption><\/figure>\n\n\n\n<figure class=\"wp-block-image size-large\"><img loading=\"lazy\" decoding=\"async\" width=\"2560\" height=\"1440\" src=\"http:\/\/77.162.20.206\/wordpress\/wp-content\/uploads\/2022\/06\/img_1913-scaled.jpg\" alt=\"\" class=\"wp-image-502\" srcset=\"http:\/\/86.92.211.122\/wordpress\/wp-content\/uploads\/2022\/06\/img_1913-scaled.jpg 2560w, http:\/\/86.92.211.122\/wordpress\/wp-content\/uploads\/2022\/06\/img_1913-300x169.jpg 300w, http:\/\/86.92.211.122\/wordpress\/wp-content\/uploads\/2022\/06\/img_1913-1024x576.jpg 1024w, http:\/\/86.92.211.122\/wordpress\/wp-content\/uploads\/2022\/06\/img_1913-768x432.jpg 768w, http:\/\/86.92.211.122\/wordpress\/wp-content\/uploads\/2022\/06\/img_1913-1536x864.jpg 1536w, http:\/\/86.92.211.122\/wordpress\/wp-content\/uploads\/2022\/06\/img_1913-2048x1152.jpg 2048w, http:\/\/86.92.211.122\/wordpress\/wp-content\/uploads\/2022\/06\/img_1913-1568x882.jpg 1568w\" sizes=\"auto, (max-width: 2560px) 100vw, 2560px\" \/><figcaption>Het mysterieuze gewas dat gewoon koolzaad bleek te zijn!<\/figcaption><\/figure>\n\n\n\n<figure class=\"wp-block-image size-large\"><img loading=\"lazy\" decoding=\"async\" width=\"2560\" height=\"1447\" src=\"http:\/\/77.162.20.206\/wordpress\/wp-content\/uploads\/2022\/06\/img_4787-1-scaled.jpg\" alt=\"\" class=\"wp-image-511\" srcset=\"http:\/\/86.92.211.122\/wordpress\/wp-content\/uploads\/2022\/06\/img_4787-1-scaled.jpg 2560w, http:\/\/86.92.211.122\/wordpress\/wp-content\/uploads\/2022\/06\/img_4787-1-300x170.jpg 300w, http:\/\/86.92.211.122\/wordpress\/wp-content\/uploads\/2022\/06\/img_4787-1-1024x579.jpg 1024w, http:\/\/86.92.211.122\/wordpress\/wp-content\/uploads\/2022\/06\/img_4787-1-768x434.jpg 768w, http:\/\/86.92.211.122\/wordpress\/wp-content\/uploads\/2022\/06\/img_4787-1-1536x868.jpg 1536w, http:\/\/86.92.211.122\/wordpress\/wp-content\/uploads\/2022\/06\/img_4787-1-2048x1158.jpg 2048w, http:\/\/86.92.211.122\/wordpress\/wp-content\/uploads\/2022\/06\/img_4787-1-1568x886.jpg 1568w\" sizes=\"auto, (max-width: 2560px) 100vw, 2560px\" \/><figcaption>Bart doet veldonderzoek\u2026<\/figcaption><\/figure>\n\n\n\n<figure class=\"wp-block-image size-large\"><img loading=\"lazy\" decoding=\"async\" width=\"1440\" height=\"2560\" src=\"http:\/\/77.162.20.206\/wordpress\/wp-content\/uploads\/2022\/06\/img_1974-scaled.jpg\" alt=\"\" class=\"wp-image-503\" srcset=\"http:\/\/86.92.211.122\/wordpress\/wp-content\/uploads\/2022\/06\/img_1974-scaled.jpg 1440w, http:\/\/86.92.211.122\/wordpress\/wp-content\/uploads\/2022\/06\/img_1974-169x300.jpg 169w, http:\/\/86.92.211.122\/wordpress\/wp-content\/uploads\/2022\/06\/img_1974-576x1024.jpg 576w, http:\/\/86.92.211.122\/wordpress\/wp-content\/uploads\/2022\/06\/img_1974-768x1365.jpg 768w, http:\/\/86.92.211.122\/wordpress\/wp-content\/uploads\/2022\/06\/img_1974-864x1536.jpg 864w, http:\/\/86.92.211.122\/wordpress\/wp-content\/uploads\/2022\/06\/img_1974-1152x2048.jpg 1152w, http:\/\/86.92.211.122\/wordpress\/wp-content\/uploads\/2022\/06\/img_1974-1568x2788.jpg 1568w\" sizes=\"auto, (max-width: 1440px) 100vw, 1440px\" \/><figcaption>Wouter heeft wat medepassagiers waarvan hij beweert dat het niets met zijn persoonlijke hygi\u00ebne te maken heeft \ud83d\ude02. Reisden echt mee, al fietsende. Ik had nergens last van\u2026.. zou het hem dan toch in de kleur zitten???<\/figcaption><\/figure>\n\n\n\n<figure class=\"wp-block-image size-large\"><img loading=\"lazy\" decoding=\"async\" width=\"2560\" height=\"1920\" src=\"http:\/\/77.162.20.206\/wordpress\/wp-content\/uploads\/2022\/06\/img_4817-scaled.jpg\" alt=\"\" class=\"wp-image-513\" srcset=\"http:\/\/86.92.211.122\/wordpress\/wp-content\/uploads\/2022\/06\/img_4817-scaled.jpg 2560w, http:\/\/86.92.211.122\/wordpress\/wp-content\/uploads\/2022\/06\/img_4817-300x225.jpg 300w, http:\/\/86.92.211.122\/wordpress\/wp-content\/uploads\/2022\/06\/img_4817-1024x768.jpg 1024w, http:\/\/86.92.211.122\/wordpress\/wp-content\/uploads\/2022\/06\/img_4817-768x576.jpg 768w, http:\/\/86.92.211.122\/wordpress\/wp-content\/uploads\/2022\/06\/img_4817-1536x1152.jpg 1536w, http:\/\/86.92.211.122\/wordpress\/wp-content\/uploads\/2022\/06\/img_4817-2048x1536.jpg 2048w, http:\/\/86.92.211.122\/wordpress\/wp-content\/uploads\/2022\/06\/img_4817-1568x1176.jpg 1568w\" sizes=\"auto, (max-width: 2560px) 100vw, 2560px\" \/><figcaption>Kanaaltunnel met fiets<\/figcaption><\/figure>\n\n\n\n<figure class=\"wp-block-image size-large\"><img loading=\"lazy\" decoding=\"async\" width=\"2560\" height=\"1920\" src=\"http:\/\/77.162.20.206\/wordpress\/wp-content\/uploads\/2022\/06\/img_4821-scaled.jpg\" alt=\"\" class=\"wp-image-514\" srcset=\"http:\/\/86.92.211.122\/wordpress\/wp-content\/uploads\/2022\/06\/img_4821-scaled.jpg 2560w, http:\/\/86.92.211.122\/wordpress\/wp-content\/uploads\/2022\/06\/img_4821-300x225.jpg 300w, http:\/\/86.92.211.122\/wordpress\/wp-content\/uploads\/2022\/06\/img_4821-1024x768.jpg 1024w, http:\/\/86.92.211.122\/wordpress\/wp-content\/uploads\/2022\/06\/img_4821-768x576.jpg 768w, http:\/\/86.92.211.122\/wordpress\/wp-content\/uploads\/2022\/06\/img_4821-1536x1152.jpg 1536w, http:\/\/86.92.211.122\/wordpress\/wp-content\/uploads\/2022\/06\/img_4821-2048x1536.jpg 2048w, http:\/\/86.92.211.122\/wordpress\/wp-content\/uploads\/2022\/06\/img_4821-1568x1176.jpg 1568w\" sizes=\"auto, (max-width: 2560px) 100vw, 2560px\" \/><figcaption>Soing, adieu Sa\u00f4ne!<\/figcaption><\/figure>\n\n\n\n<figure class=\"wp-block-image size-large\"><img loading=\"lazy\" decoding=\"async\" width=\"2560\" height=\"1875\" src=\"http:\/\/77.162.20.206\/wordpress\/wp-content\/uploads\/2022\/06\/img_4786-scaled.jpg\" alt=\"\" class=\"wp-image-517\" srcset=\"http:\/\/86.92.211.122\/wordpress\/wp-content\/uploads\/2022\/06\/img_4786-scaled.jpg 2560w, http:\/\/86.92.211.122\/wordpress\/wp-content\/uploads\/2022\/06\/img_4786-300x220.jpg 300w, http:\/\/86.92.211.122\/wordpress\/wp-content\/uploads\/2022\/06\/img_4786-1024x750.jpg 1024w, http:\/\/86.92.211.122\/wordpress\/wp-content\/uploads\/2022\/06\/img_4786-768x562.jpg 768w, http:\/\/86.92.211.122\/wordpress\/wp-content\/uploads\/2022\/06\/img_4786-1536x1125.jpg 1536w, http:\/\/86.92.211.122\/wordpress\/wp-content\/uploads\/2022\/06\/img_4786-2048x1500.jpg 2048w, http:\/\/86.92.211.122\/wordpress\/wp-content\/uploads\/2022\/06\/img_4786-1568x1148.jpg 1568w\" sizes=\"auto, (max-width: 2560px) 100vw, 2560px\" \/><figcaption>Anti-klerikaal dorpje\u2026. (met kerk!!??)<\/figcaption><\/figure>\n\n\n\n<div style=\"height:50px\" aria-hidden=\"true\" class=\"wp-block-spacer\"><\/div>\n","protected":false},"excerpt":{"rendered":"<p>Algemeen Vandaag toch eigenlijke een makkelijke dag, alhoewel je dat aan de afstand niet zou denken. Verder door het Noord-Franse land gefietst in het stroomgebied van de sterk meanderende Sa\u00f4ne. Vlak na Corre uit het dal geklommen, bij Amoncourt het dal weer in om het vanaf Port-sur-Sa\u00f4ne de rivier via het jaagpad te volgen. Is&hellip; <a class=\"more-link\" href=\"http:\/\/86.92.211.122\/wordpress\/index.php\/2022\/06\/04\/etappe-10-corre-burgille-de-saone-en-haar-bochten\/\">Lees verder <span class=\"screen-reader-text\">04\/06\/2022 &#8211; Etappe 10: Corre &#8211; Burgille; de Sa\u00f4ne en haar bochten<\/span><\/a><\/p>\n","protected":false},"author":1,"featured_media":0,"comment_status":"open","ping_status":"open","sticky":false,"template":"","format":"standard","meta":{"footnotes":""},"categories":[3],"tags":[],"class_list":["post-485","post","type-post","status-publish","format-standard","hentry","category-rosans-2022","entry"],"_links":{"self":[{"href":"http:\/\/86.92.211.122\/wordpress\/index.php\/wp-json\/wp\/v2\/posts\/485","targetHints":{"allow":["GET"]}}],"collection":[{"href":"http:\/\/86.92.211.122\/wordpress\/index.php\/wp-json\/wp\/v2\/posts"}],"about":[{"href":"http:\/\/86.92.211.122\/wordpress\/index.php\/wp-json\/wp\/v2\/types\/post"}],"author":[{"embeddable":true,"href":"http:\/\/86.92.211.122\/wordpress\/index.php\/wp-json\/wp\/v2\/users\/1"}],"replies":[{"embeddable":true,"href":"http:\/\/86.92.211.122\/wordpress\/index.php\/wp-json\/wp\/v2\/comments?post=485"}],"version-history":[{"count":21,"href":"http:\/\/86.92.211.122\/wordpress\/index.php\/wp-json\/wp\/v2\/posts\/485\/revisions"}],"predecessor-version":[{"id":658,"href":"http:\/\/86.92.211.122\/wordpress\/index.php\/wp-json\/wp\/v2\/posts\/485\/revisions\/658"}],"wp:attachment":[{"href":"http:\/\/86.92.211.122\/wordpress\/index.php\/wp-json\/wp\/v2\/media?parent=485"}],"wp:term":[{"taxonomy":"category","embeddable":true,"href":"http:\/\/86.92.211.122\/wordpress\/index.php\/wp-json\/wp\/v2\/categories?post=485"},{"taxonomy":"post_tag","embeddable":true,"href":"http:\/\/86.92.211.122\/wordpress\/index.php\/wp-json\/wp\/v2\/tags?post=485"}],"curies":[{"name":"wp","href":"https:\/\/api.w.org\/{rel}","templated":true}]}}